{"id":6573,"date":"2023-06-15T21:57:18","date_gmt":"2023-06-15T21:57:18","guid":{"rendered":"https:\/\/martayogaibiza.com\/?p=6573"},"modified":"2023-06-25T22:02:20","modified_gmt":"2023-06-25T22:02:20","slug":"la-asana-mas-dificil-es-tu-vida-diaria","status":"publish","type":"post","link":"https:\/\/martayogaibiza.com\/index.php\/2023\/06\/15\/la-asana-mas-dificil-es-tu-vida-diaria\/","title":{"rendered":"La asana m\u00e1s dif\u00edcil es tu vida diaria"},"content":{"rendered":"<h3 style=\"text-align: left;\">La postura representa la forma m\u00e1s visible de nosotros; es como nuestro sello de identidad. Ya estemos en quietud o en movimiento, nuestra estructura corporal, nuestros movimientos, nuestros gestos y las posiciones que adoptamos transmiten parte de nuestra personalidad.<\/h3>\n<p style=\"text-align: left;\">Una posici\u00f3n puede cambiar nuestro estado de \u00e1nimo y la forma en la que nos relacionamos con lo que nos rodea, del mismo modo que el cuerpo refleja nuestros sentimientos.<\/p>\n<h4 style=\"text-align: left;\">\u00bfQu\u00e9 es la postura corporal?<\/h4>\n<p style=\"text-align: left;\">La RAE define la postura como \u00abManera en la que est\u00e1 colocado el cuerpo o una parte del cuerpo de una persona o un animal\u00bb (f\u00edsica) y \u00abActitud que alguien adopta respecto de alg\u00fan asunto\u00bb (mental). Es decir, nuestra postura es la forma en la que ocupamos el espacio y el modo en el que nos sentimos o nos relacionamos con \u00e9l. Cuando nos sentimos tristes, estamos cabizbajos y nos cerramos. En cambio, cuando nuestro estado an\u00edmico es alegre, nos hacemos grandes, nos expandimos y abrimos espacio en nuestro interior, f\u00edsica y mentalmente.<\/p>\n<p style=\"text-align: left;\">En s\u00e1nscrito, postura, se llama\u00a0<em><strong>asana<\/strong><\/em>. Pero, a diferencia de la postura anterior, esta define a la que se realiza conscientemente durante una sesi\u00f3n de yoga, cuyo objetivo es actuar sobre el cuerpo y la mente. Deriva de la ra\u00edz \u00ab<em>as<\/em>\u00bb, que quiere decir \u2018asiento\u2019, aunque muchos textos la describen como \u00abestablecerse en el estado original\u00bb. O sea, en qui\u00e9n eres realmente.<\/p>\n<p style=\"text-align: left;\">Patanjali, autor de los\u00a0<em>Yoga Sutra<\/em>, dice que\u00a0<em>asana\u00a0<\/em>es: \u00ab<em>Sthiram Sukham Asanam\u00bb<\/em>.\u00a0<em>Sthiram\u00a0<\/em>significa \u2018estabilidad, firmeza\u2019 y\u00a0<em>sukham,<\/em>\u00a0\u2018espacio o felicidad\u2019. Todo junto indica que la pr\u00e1ctica de\u00a0<em>asana,\u00a0<\/em>libera a tu cuerpo y a tu mente de las tensiones acumuladas para poder ver, sentir con claridad y disponer de un buen estado de \u00e1nimo.<\/p>\n<p style=\"text-align: left;\">Porque el cuerpo, al igual que un espejo, refleja todo nuestro mundo interno. Si te observas en \u00e9l, llegar\u00e1s a conocerte y descubrir tus fortalezas, tus debilidades, tus l\u00edmites y tus posibilidades, ya que te habla sobre tu pasado, tambi\u00e9n te habla de tu presente y hacia d\u00f3nde te diriges.<\/p>\n<p style=\"text-align: left;\">As\u00ed que, plant\u00e9ate esta pregunta: \u00bfC\u00f3mo puede el cuerpo cambiar mi mente?<\/p>\n<h4 style=\"text-align: left;\">Asana y el poder de la postura correcta<\/h4>\n<p style=\"text-align: left;\">\u00bfAlguna vez has conocido a una persona tan magn\u00e9tica que ha acaparado toda tu atenci\u00f3n? Eso se debe a la disposici\u00f3n mental que trasmite su postura. Lo puedes comprobar en muchos deportistas, cantantes o comunicadores, que adoptan determinadas poses para\u00a0<strong>enviar un mensaje de poder, fuerza y seguridad.\u00a0\u00a0<\/strong><\/p>\n<p style=\"text-align: left;\">Por otro lado, los yoguis descubrieron hace m\u00e1s de dos mil a\u00f1os c\u00f3mo las posiciones del cuerpo cambian lo que ocurre en el sistema endocrino, en el sistema nervioso aut\u00f3nomo y en el cerebro sin que te des cuenta. Este es el origen de los asanas: posturas f\u00edsicas que\u00a0<strong>generan estabilidad, firmeza y bienestar f\u00edsico y mental<\/strong>. Por eso, cuando sales de una clase de yoga, te sientes transformado y liberado.<\/p>\n<p style=\"text-align: left;\">En otras palabras, una buena postura\u00a0<a href=\"https:\/\/www.yogaanandamaya.com\/el-yoga-y-huesos-sanos\/\">mejora la salud de \u00f3rganos y huesos<\/a>. Adem\u00e1s, te mantiene fuerte, flexible y te permite\u00a0<a href=\"https:\/\/www.isabelward.com\/2021\/07\/20\/como-mejorar-la-respiracion\/\">respirar mejor<\/a>. Hay una\u00a0<strong>comunicaci\u00f3n mejor y m\u00e1s productiva entre tus sensaciones, emociones y pensamientos.<\/strong><\/p>\n<p style=\"text-align: left;\">Ten en cuenta que la forma en la que te sientas, caminas o gesticulas cambia tu qu\u00edmica cerebral. Tu postura hace que te sientas insegura\/o o llena\/a de confianza, cansada\/o o plena\/o de vitalidad, dado que<strong>\u00a0afecta a tu salud, pero tambi\u00e9n a tus emociones, pensamientos y recuerdos.<\/strong>\u00a0En definitiva, determina si lideras los reinos de tu cuerpo y de tu mente o si ellos te gobiernan a ti.<\/p>\n<p style=\"text-align: left;\">Sin duda, una buena postura trasmite belleza, armon\u00eda y equilibrio. Pero, si no sale de forma natural, por m\u00e1s que te pongas recto\/a no ganar\u00e1s seguridad. Por eso, tal como dice Patanjali:<\/p>\n<p style=\"text-align: left;\"><em>\u00abAsana requiere de dos cualidades: pr\u00e1ctica constante y desapego\u00bb<\/em>.<\/p>\n<p style=\"text-align: left;\"><strong>Una sesi\u00f3n de hatha yoga es una combinaci\u00f3n de posturas y contraposturas que compensan la contracci\u00f3n y la laxitud.<\/strong>\u00a0Por ejemplo, cuando sostienes un objeto pesado con tu brazo, el b\u00edceps se tensa mientras el tr\u00edceps permanece relajado. Si solo repites ese movimiento y no realizas uno que realice lo contrario, se produce un desequilibrio.<\/p>\n<p style=\"text-align: left;\">Pero, como dec\u00eda Patanjali, adem\u00e1s de la dedicaci\u00f3n,<strong>\u00a0necesitas\u00a0<\/strong><em><strong>desap-ego<\/strong><\/em>.\u00a0 Porque apegarse a los logros o a los fracasos afecta a tu postura. Los apegarse a los logros abre demasiado el pecho, tensan la nuca, elevan la barbilla y curva la zona lumbar, mientras que centrarse en los fracasos te har\u00e1 lucir una prominente joroba.<\/p>\n<p style=\"text-align: left;\">De ah\u00ed que en las clases de yoga escuches con frecuencia mantras como \u00abMenos es m\u00e1s\u00bb o \u00abEsforzarse, pero no forzar\u00bb, que refuerzan la idea de que\u00a0<strong>en el equilibrio se encuentra el verdadero poder de la postura correcta.<\/strong><\/p>\n<h4 style=\"text-align: left;\">\u00bfQu\u00e9 ventajas nos aporta una buena postura?<\/h4>\n<p style=\"text-align: left;\">Aparte de alinear nuestro cuerpo y nuestra mente, nos aporta los siguientes beneficios:<\/p>\n<p style=\"text-align: left;\">1) Protege las articulaciones.<\/p>\n<p style=\"text-align: left;\">2) Equilibra la acci\u00f3n del sistema nervioso y mejora la respiraci\u00f3n. En consecuencia, recuperamos el control de nuestros estados an\u00edmicos, dado que promueve la relajaci\u00f3n. Es decir, disminuye el estr\u00e9s y la ansiedad.<\/p>\n<p style=\"text-align: left;\">3) Mantiene la columna vertebral y los huesos sanos.<\/p>\n<p style=\"text-align: left;\">4) Equilibra el funcionamiento de los diferentes sistemas que componen el cuerpo humano.<\/p>\n<p style=\"text-align: left;\">5) Estimula el sistema circulatorio y linf\u00e1tico de tal modo que libera al cuerpo de toxinas y restaura la energ\u00eda.<\/p>\n<p style=\"text-align: left;\">6) Mejoramos la flexibilidad, la fuerza, el equilibrio y la resistencia f\u00edsica.<\/p>\n<p style=\"text-align: left;\">7) Desarrollamos m\u00e1s la atenci\u00f3n, la concentraci\u00f3n y la sabidur\u00eda.<\/p>\n<p style=\"text-align: left;\">Y para terminar, te dejo esta frase del sabio Pat\u00e1njali para que pienses en ella.<\/p>\n<blockquote><p>\u201c<em>Se alcanza el dominio del asana cuando uno es capaz de meditar en ella<\/em>\u201d<\/p><\/blockquote>\n<p style=\"text-align: left;\">Namast\u00e9.<\/p>\n<p>Si te has quedado con ganas de m\u00e1s, \u00a1s\u00edgueme en redes sociales!<\/p>\n","protected":false},"excerpt":{"rendered":"<p>La postura representa la forma m\u00e1s visible de nosotros; es como nuestro sello de identidad. Ya estemos en quietud o en movimiento, nuestra estructura corporal, nuestros movimientos, nuestros gestos y las posiciones que adoptamos transmiten parte de nuestra personalidad. Una posici\u00f3n puede cambiar nuestro estado de \u00e1nimo y la forma en la que nos relacionamos [&hellip;]<\/p>\n","protected":false},"author":1,"featured_media":6545,"comment_status":"closed","ping_status":"open","sticky":false,"template":"","format":"standard","meta":{"footnotes":""},"categories":[92],"tags":[],"class_list":["post-6573","post","type-post","status-publish","format-standard","has-post-thumbnail","hentry","category-yoga"],"yoast_head":"<!-- This site is optimized with the Yoast SEO plugin v25.5 - https:\/\/yoast.com\/wordpress\/plugins\/seo\/ -->\n<title>La asana m\u00e1s dif\u00edcil es tu vida diari<\/title>\n<meta name=\"description\" content=\"La postura representa la forma m\u00e1s visible de nosotros; es como nuestro sello de identidad. Ya estemos en quietud o en movimiento, nuestra estructura corporal, nuestros movimientos, nuestros gestos y las posiciones que adoptamos transmiten parte de nuestra personalidad.\" \/>\n<meta name=\"robots\" content=\"index, follow, max-snippet:-1, max-image-preview:large, max-video-preview:-1\" \/>\n<link rel=\"canonical\" href=\"https:\/\/martayogaibiza.com\/index.php\/2023\/06\/15\/la-asana-mas-dificil-es-tu-vida-diaria\/\" \/>\n<meta property=\"og:locale\" content=\"es_ES\" \/>\n<meta property=\"og:type\" content=\"article\" \/>\n<meta property=\"og:title\" content=\"La asana m\u00e1s dif\u00edcil es tu vida diari\" \/>\n<meta property=\"og:description\" content=\"La postura representa la forma m\u00e1s visible de nosotros; es como nuestro sello de identidad. Ya estemos en quietud o en movimiento, nuestra estructura corporal, nuestros movimientos, nuestros gestos y las posiciones que adoptamos transmiten parte de nuestra personalidad.\" \/>\n<meta property=\"og:url\" content=\"https:\/\/martayogaibiza.com\/index.php\/2023\/06\/15\/la-asana-mas-dificil-es-tu-vida-diaria\/\" \/>\n<meta property=\"og:site_name\" content=\"Marta Yoga Ibiza\" \/>\n<meta property=\"article:publisher\" content=\"https:\/\/www.facebook.com\/MartaYogaIbiza\/\" \/>\n<meta property=\"article:author\" content=\"https:\/\/www.facebook.com\/MartaYogaIbiza\/\" \/>\n<meta property=\"article:published_time\" content=\"2023-06-15T21:57:18+00:00\" \/>\n<meta property=\"article:modified_time\" content=\"2023-06-25T22:02:20+00:00\" \/>\n<meta property=\"og:image\" content=\"https:\/\/martayogaibiza.com\/wp-content\/uploads\/2023\/05\/h2-image-slide-img-2-1-1024x691-1.jpg\" \/>\n\t<meta property=\"og:image:width\" content=\"1024\" \/>\n\t<meta property=\"og:image:height\" content=\"691\" \/>\n\t<meta property=\"og:image:type\" content=\"image\/jpeg\" \/>\n<meta name=\"author\" content=\"Marta Almagro\" \/>\n<meta name=\"twitter:card\" content=\"summary_large_image\" \/>\n<meta name=\"twitter:label1\" content=\"Escrito por\" \/>\n\t<meta name=\"twitter:data1\" content=\"Marta Almagro\" \/>\n\t<meta name=\"twitter:label2\" content=\"Tiempo de lectura\" \/>\n\t<meta name=\"twitter:data2\" content=\"5 minutos\" \/>\n<script type=\"application\/ld+json\" class=\"yoast-schema-graph\">{\"@context\":\"https:\/\/schema.org\",\"@graph\":[{\"@type\":\"Article\",\"@id\":\"https:\/\/martayogaibiza.com\/index.php\/2023\/06\/15\/la-asana-mas-dificil-es-tu-vida-diaria\/#article\",\"isPartOf\":{\"@id\":\"https:\/\/martayogaibiza.com\/index.php\/2023\/06\/15\/la-asana-mas-dificil-es-tu-vida-diaria\/\"},\"author\":{\"name\":\"Marta Almagro\",\"@id\":\"https:\/\/martayogaibiza.com\/#\/schema\/person\/92598a7f6f24a2bf61586cfdd3825a83\"},\"headline\":\"La asana m\u00e1s dif\u00edcil es tu vida diaria\",\"datePublished\":\"2023-06-15T21:57:18+00:00\",\"dateModified\":\"2023-06-25T22:02:20+00:00\",\"mainEntityOfPage\":{\"@id\":\"https:\/\/martayogaibiza.com\/index.php\/2023\/06\/15\/la-asana-mas-dificil-es-tu-vida-diaria\/\"},\"wordCount\":999,\"publisher\":{\"@id\":\"https:\/\/martayogaibiza.com\/#\/schema\/person\/92598a7f6f24a2bf61586cfdd3825a83\"},\"image\":{\"@id\":\"https:\/\/martayogaibiza.com\/index.php\/2023\/06\/15\/la-asana-mas-dificil-es-tu-vida-diaria\/#primaryimage\"},\"thumbnailUrl\":\"https:\/\/martayogaibiza.com\/wp-content\/uploads\/2023\/05\/h2-image-slide-img-2-1-1024x691-1.jpg\",\"articleSection\":[\"Yoga\"],\"inLanguage\":\"es\"},{\"@type\":\"WebPage\",\"@id\":\"https:\/\/martayogaibiza.com\/index.php\/2023\/06\/15\/la-asana-mas-dificil-es-tu-vida-diaria\/\",\"url\":\"https:\/\/martayogaibiza.com\/index.php\/2023\/06\/15\/la-asana-mas-dificil-es-tu-vida-diaria\/\",\"name\":\"La asana m\u00e1s dif\u00edcil es tu vida diari\",\"isPartOf\":{\"@id\":\"https:\/\/martayogaibiza.com\/#website\"},\"primaryImageOfPage\":{\"@id\":\"https:\/\/martayogaibiza.com\/index.php\/2023\/06\/15\/la-asana-mas-dificil-es-tu-vida-diaria\/#primaryimage\"},\"image\":{\"@id\":\"https:\/\/martayogaibiza.com\/index.php\/2023\/06\/15\/la-asana-mas-dificil-es-tu-vida-diaria\/#primaryimage\"},\"thumbnailUrl\":\"https:\/\/martayogaibiza.com\/wp-content\/uploads\/2023\/05\/h2-image-slide-img-2-1-1024x691-1.jpg\",\"datePublished\":\"2023-06-15T21:57:18+00:00\",\"dateModified\":\"2023-06-25T22:02:20+00:00\",\"description\":\"La postura representa la forma m\u00e1s visible de nosotros; es como nuestro sello de identidad. Ya estemos en quietud o en movimiento, nuestra estructura corporal, nuestros movimientos, nuestros gestos y las posiciones que adoptamos transmiten parte de nuestra personalidad.\",\"breadcrumb\":{\"@id\":\"https:\/\/martayogaibiza.com\/index.php\/2023\/06\/15\/la-asana-mas-dificil-es-tu-vida-diaria\/#breadcrumb\"},\"inLanguage\":\"es\",\"potentialAction\":[{\"@type\":\"ReadAction\",\"target\":[\"https:\/\/martayogaibiza.com\/index.php\/2023\/06\/15\/la-asana-mas-dificil-es-tu-vida-diaria\/\"]}]},{\"@type\":\"ImageObject\",\"inLanguage\":\"es\",\"@id\":\"https:\/\/martayogaibiza.com\/index.php\/2023\/06\/15\/la-asana-mas-dificil-es-tu-vida-diaria\/#primaryimage\",\"url\":\"https:\/\/martayogaibiza.com\/wp-content\/uploads\/2023\/05\/h2-image-slide-img-2-1-1024x691-1.jpg\",\"contentUrl\":\"https:\/\/martayogaibiza.com\/wp-content\/uploads\/2023\/05\/h2-image-slide-img-2-1-1024x691-1.jpg\",\"width\":1024,\"height\":691},{\"@type\":\"BreadcrumbList\",\"@id\":\"https:\/\/martayogaibiza.com\/index.php\/2023\/06\/15\/la-asana-mas-dificil-es-tu-vida-diaria\/#breadcrumb\",\"itemListElement\":[{\"@type\":\"ListItem\",\"position\":1,\"name\":\"Portada\",\"item\":\"https:\/\/martayogaibiza.com\/\"},{\"@type\":\"ListItem\",\"position\":2,\"name\":\"La asana m\u00e1s dif\u00edcil es tu vida diaria\"}]},{\"@type\":\"WebSite\",\"@id\":\"https:\/\/martayogaibiza.com\/#website\",\"url\":\"https:\/\/martayogaibiza.com\/\",\"name\":\"Marta Yoga Ibiza\",\"description\":\"Yoga en Ibiza\",\"publisher\":{\"@id\":\"https:\/\/martayogaibiza.com\/#\/schema\/person\/92598a7f6f24a2bf61586cfdd3825a83\"},\"potentialAction\":[{\"@type\":\"SearchAction\",\"target\":{\"@type\":\"EntryPoint\",\"urlTemplate\":\"https:\/\/martayogaibiza.com\/?s={search_term_string}\"},\"query-input\":{\"@type\":\"PropertyValueSpecification\",\"valueRequired\":true,\"valueName\":\"search_term_string\"}}],\"inLanguage\":\"es\"},{\"@type\":[\"Person\",\"Organization\"],\"@id\":\"https:\/\/martayogaibiza.com\/#\/schema\/person\/92598a7f6f24a2bf61586cfdd3825a83\",\"name\":\"Marta Almagro\",\"image\":{\"@type\":\"ImageObject\",\"inLanguage\":\"es\",\"@id\":\"https:\/\/martayogaibiza.com\/#\/schema\/person\/image\/\",\"url\":\"https:\/\/martayogaibiza.com\/wp-content\/uploads\/2023\/01\/sin-fondo.png\",\"contentUrl\":\"https:\/\/martayogaibiza.com\/wp-content\/uploads\/2023\/01\/sin-fondo.png\",\"width\":489,\"height\":303,\"caption\":\"Marta Almagro\"},\"logo\":{\"@id\":\"https:\/\/martayogaibiza.com\/#\/schema\/person\/image\/\"},\"sameAs\":[\"http:\/\/martayogaibiza.com\",\"https:\/\/www.facebook.com\/MartaYogaIbiza\/\",\"https:\/\/www.instagram.com\/martayogaibiza\/\"],\"url\":\"https:\/\/martayogaibiza.com\/index.php\/author\/admin\/\"}]}<\/script>\n<!-- \/ Yoast SEO plugin. -->","yoast_head_json":{"title":"La asana m\u00e1s dif\u00edcil es tu vida diari","description":"La postura representa la forma m\u00e1s visible de nosotros; es como nuestro sello de identidad. Ya estemos en quietud o en movimiento, nuestra estructura corporal, nuestros movimientos, nuestros gestos y las posiciones que adoptamos transmiten parte de nuestra personalidad.","robots":{"index":"index","follow":"follow","max-snippet":"max-snippet:-1","max-image-preview":"max-image-preview:large","max-video-preview":"max-video-preview:-1"},"canonical":"https:\/\/martayogaibiza.com\/index.php\/2023\/06\/15\/la-asana-mas-dificil-es-tu-vida-diaria\/","og_locale":"es_ES","og_type":"article","og_title":"La asana m\u00e1s dif\u00edcil es tu vida diari","og_description":"La postura representa la forma m\u00e1s visible de nosotros; es como nuestro sello de identidad. Ya estemos en quietud o en movimiento, nuestra estructura corporal, nuestros movimientos, nuestros gestos y las posiciones que adoptamos transmiten parte de nuestra personalidad.","og_url":"https:\/\/martayogaibiza.com\/index.php\/2023\/06\/15\/la-asana-mas-dificil-es-tu-vida-diaria\/","og_site_name":"Marta Yoga Ibiza","article_publisher":"https:\/\/www.facebook.com\/MartaYogaIbiza\/","article_author":"https:\/\/www.facebook.com\/MartaYogaIbiza\/","article_published_time":"2023-06-15T21:57:18+00:00","article_modified_time":"2023-06-25T22:02:20+00:00","og_image":[{"width":1024,"height":691,"url":"https:\/\/martayogaibiza.com\/wp-content\/uploads\/2023\/05\/h2-image-slide-img-2-1-1024x691-1.jpg","type":"image\/jpeg"}],"author":"Marta Almagro","twitter_card":"summary_large_image","twitter_misc":{"Escrito por":"Marta Almagro","Tiempo de lectura":"5 minutos"},"schema":{"@context":"https:\/\/schema.org","@graph":[{"@type":"Article","@id":"https:\/\/martayogaibiza.com\/index.php\/2023\/06\/15\/la-asana-mas-dificil-es-tu-vida-diaria\/#article","isPartOf":{"@id":"https:\/\/martayogaibiza.com\/index.php\/2023\/06\/15\/la-asana-mas-dificil-es-tu-vida-diaria\/"},"author":{"name":"Marta Almagro","@id":"https:\/\/martayogaibiza.com\/#\/schema\/person\/92598a7f6f24a2bf61586cfdd3825a83"},"headline":"La asana m\u00e1s dif\u00edcil es tu vida diaria","datePublished":"2023-06-15T21:57:18+00:00","dateModified":"2023-06-25T22:02:20+00:00","mainEntityOfPage":{"@id":"https:\/\/martayogaibiza.com\/index.php\/2023\/06\/15\/la-asana-mas-dificil-es-tu-vida-diaria\/"},"wordCount":999,"publisher":{"@id":"https:\/\/martayogaibiza.com\/#\/schema\/person\/92598a7f6f24a2bf61586cfdd3825a83"},"image":{"@id":"https:\/\/martayogaibiza.com\/index.php\/2023\/06\/15\/la-asana-mas-dificil-es-tu-vida-diaria\/#primaryimage"},"thumbnailUrl":"https:\/\/martayogaibiza.com\/wp-content\/uploads\/2023\/05\/h2-image-slide-img-2-1-1024x691-1.jpg","articleSection":["Yoga"],"inLanguage":"es"},{"@type":"WebPage","@id":"https:\/\/martayogaibiza.com\/index.php\/2023\/06\/15\/la-asana-mas-dificil-es-tu-vida-diaria\/","url":"https:\/\/martayogaibiza.com\/index.php\/2023\/06\/15\/la-asana-mas-dificil-es-tu-vida-diaria\/","name":"La asana m\u00e1s dif\u00edcil es tu vida diari","isPartOf":{"@id":"https:\/\/martayogaibiza.com\/#website"},"primaryImageOfPage":{"@id":"https:\/\/martayogaibiza.com\/index.php\/2023\/06\/15\/la-asana-mas-dificil-es-tu-vida-diaria\/#primaryimage"},"image":{"@id":"https:\/\/martayogaibiza.com\/index.php\/2023\/06\/15\/la-asana-mas-dificil-es-tu-vida-diaria\/#primaryimage"},"thumbnailUrl":"https:\/\/martayogaibiza.com\/wp-content\/uploads\/2023\/05\/h2-image-slide-img-2-1-1024x691-1.jpg","datePublished":"2023-06-15T21:57:18+00:00","dateModified":"2023-06-25T22:02:20+00:00","description":"La postura representa la forma m\u00e1s visible de nosotros; es como nuestro sello de identidad. Ya estemos en quietud o en movimiento, nuestra estructura corporal, nuestros movimientos, nuestros gestos y las posiciones que adoptamos transmiten parte de nuestra personalidad.","breadcrumb":{"@id":"https:\/\/martayogaibiza.com\/index.php\/2023\/06\/15\/la-asana-mas-dificil-es-tu-vida-diaria\/#breadcrumb"},"inLanguage":"es","potentialAction":[{"@type":"ReadAction","target":["https:\/\/martayogaibiza.com\/index.php\/2023\/06\/15\/la-asana-mas-dificil-es-tu-vida-diaria\/"]}]},{"@type":"ImageObject","inLanguage":"es","@id":"https:\/\/martayogaibiza.com\/index.php\/2023\/06\/15\/la-asana-mas-dificil-es-tu-vida-diaria\/#primaryimage","url":"https:\/\/martayogaibiza.com\/wp-content\/uploads\/2023\/05\/h2-image-slide-img-2-1-1024x691-1.jpg","contentUrl":"https:\/\/martayogaibiza.com\/wp-content\/uploads\/2023\/05\/h2-image-slide-img-2-1-1024x691-1.jpg","width":1024,"height":691},{"@type":"BreadcrumbList","@id":"https:\/\/martayogaibiza.com\/index.php\/2023\/06\/15\/la-asana-mas-dificil-es-tu-vida-diaria\/#breadcrumb","itemListElement":[{"@type":"ListItem","position":1,"name":"Portada","item":"https:\/\/martayogaibiza.com\/"},{"@type":"ListItem","position":2,"name":"La asana m\u00e1s dif\u00edcil es tu vida diaria"}]},{"@type":"WebSite","@id":"https:\/\/martayogaibiza.com\/#website","url":"https:\/\/martayogaibiza.com\/","name":"Marta Yoga Ibiza","description":"Yoga en Ibiza","publisher":{"@id":"https:\/\/martayogaibiza.com\/#\/schema\/person\/92598a7f6f24a2bf61586cfdd3825a83"},"potentialAction":[{"@type":"SearchAction","target":{"@type":"EntryPoint","urlTemplate":"https:\/\/martayogaibiza.com\/?s={search_term_string}"},"query-input":{"@type":"PropertyValueSpecification","valueRequired":true,"valueName":"search_term_string"}}],"inLanguage":"es"},{"@type":["Person","Organization"],"@id":"https:\/\/martayogaibiza.com\/#\/schema\/person\/92598a7f6f24a2bf61586cfdd3825a83","name":"Marta Almagro","image":{"@type":"ImageObject","inLanguage":"es","@id":"https:\/\/martayogaibiza.com\/#\/schema\/person\/image\/","url":"https:\/\/martayogaibiza.com\/wp-content\/uploads\/2023\/01\/sin-fondo.png","contentUrl":"https:\/\/martayogaibiza.com\/wp-content\/uploads\/2023\/01\/sin-fondo.png","width":489,"height":303,"caption":"Marta Almagro"},"logo":{"@id":"https:\/\/martayogaibiza.com\/#\/schema\/person\/image\/"},"sameAs":["http:\/\/martayogaibiza.com","https:\/\/www.facebook.com\/MartaYogaIbiza\/","https:\/\/www.instagram.com\/martayogaibiza\/"],"url":"https:\/\/martayogaibiza.com\/index.php\/author\/admin\/"}]}},"_links":{"self":[{"href":"https:\/\/martayogaibiza.com\/index.php\/wp-json\/wp\/v2\/posts\/6573","targetHints":{"allow":["GET"]}}],"collection":[{"href":"https:\/\/martayogaibiza.com\/index.php\/wp-json\/wp\/v2\/posts"}],"about":[{"href":"https:\/\/martayogaibiza.com\/index.php\/wp-json\/wp\/v2\/types\/post"}],"author":[{"embeddable":true,"href":"https:\/\/martayogaibiza.com\/index.php\/wp-json\/wp\/v2\/users\/1"}],"replies":[{"embeddable":true,"href":"https:\/\/martayogaibiza.com\/index.php\/wp-json\/wp\/v2\/comments?post=6573"}],"version-history":[{"count":2,"href":"https:\/\/martayogaibiza.com\/index.php\/wp-json\/wp\/v2\/posts\/6573\/revisions"}],"predecessor-version":[{"id":6576,"href":"https:\/\/martayogaibiza.com\/index.php\/wp-json\/wp\/v2\/posts\/6573\/revisions\/6576"}],"wp:featuredmedia":[{"embeddable":true,"href":"https:\/\/martayogaibiza.com\/index.php\/wp-json\/wp\/v2\/media\/6545"}],"wp:attachment":[{"href":"https:\/\/martayogaibiza.com\/index.php\/wp-json\/wp\/v2\/media?parent=6573"}],"wp:term":[{"taxonomy":"category","embeddable":true,"href":"https:\/\/martayogaibiza.com\/index.php\/wp-json\/wp\/v2\/categories?post=6573"},{"taxonomy":"post_tag","embeddable":true,"href":"https:\/\/martayogaibiza.com\/index.php\/wp-json\/wp\/v2\/tags?post=6573"}],"curies":[{"name":"wp","href":"https:\/\/api.w.org\/{rel}","templated":true}]}}