{"id":6587,"date":"2023-11-07T12:18:02","date_gmt":"2023-11-07T12:18:02","guid":{"rendered":"https:\/\/martayogaibiza.com\/?p=6587"},"modified":"2023-11-07T12:49:35","modified_gmt":"2023-11-07T12:49:35","slug":"la-mente-tu-mejor-aliada-o-tu-peor-enemiga","status":"publish","type":"post","link":"https:\/\/martayogaibiza.com\/index.php\/2023\/11\/07\/la-mente-tu-mejor-aliada-o-tu-peor-enemiga\/","title":{"rendered":"La mente es tu mejor aliada o tu peor enemiga"},"content":{"rendered":"<h3 style=\"text-align: left;\">Sin mente, para nosotros nada puede tener sentido. Nuestra mente no crea ni dirige todo en la existencia, pero solo a trav\u00e9s de ella podemos dar sentido al mundo, y es lo \u00fanico con lo que podemos trabajar. No hay nada m\u00e1s. Debemos adiestrar nuestra mente, porque es lo que nos hace sufrir.<\/h3>\n<p style=\"text-align: left;\">Desde el punto de vista budista, nuestro sufrimiento proviene de las limitaciones de la <strong>mente no Despierta<\/strong>.<\/p>\n<p style=\"text-align: left;\">En primer lugar, <strong>no somos conscientes de las verdades b\u00e1sicas de la existencia<\/strong>; por ignorancia, no hemos comprendido nuestra naturaleza ni la naturaleza de la realidad.<\/p>\n<p style=\"text-align: left;\">En segundo lugar, confundidos, <strong>no somos capaces de controlar nuestra mente<\/strong>. No nos comprendemos a nosotros mismos ni comprendemos nuestras emociones.<\/p>\n<p style=\"text-align: left;\">Saber controlar nuestra mente es muy necesario porque <strong>nuestras ilusiones y condicionamientos mentales nos dominan<\/strong>. Sabemos que no debemos enfadarnos, sentirnos celosos o deprimirnos; nadie que experimente estas emociones las disfruta, y a\u00fan as\u00ed, permitimos que nos invadan. Queremos ser positivos y amables, pero no podemos sentirnos as\u00ed si no podemos controlar nuestra mente. Adem\u00e1s, una mente corriente es muy limitante e insegura.<\/p>\n<p style=\"text-align: left;\">Nuestra conciencia es restringida y no nos permitimos ir m\u00e1s all\u00e1 del mundo familiar al que estamos acostumbrados. Tratamos con desconfianza todo lo nuevo o lo que est\u00e1 m\u00e1s all\u00e1 de lo habitual. Como estas limitaciones nos las ponemos nosotros mismos., es posible llegar a un estado mental diferente.<\/p>\n<p style=\"text-align: left;\">Nos creamos una ilusi\u00f3n de un yo \u00fanico e inmutable, un yo individual, y creemos que permanece seguro en alg\u00fan lugar en nuestro interior, mientras los sentimientos y los pensamientos van y vienen.<\/p>\n<p style=\"text-align: left;\">Hay muchas teor\u00edas sobre la mente; nos referimos a ella y hablamos de ella, pero&#8230; \u00bfPodemos encontrarla en alg\u00fan lugar? \u00bfQu\u00e9 es la mente? \u00bfD\u00f3nde est\u00e1? \u00bfEs una parte de nuestro cuerpo? \u00bfEst\u00e1 localizada en el coraz\u00f3n, en la cabeza o en alg\u00fan otro lugar?<\/p>\n<p style=\"text-align: left;\">Damos por seguro que existe; si es as\u00ed, debe tener ciertas cualidades que se puedan identificar. Pero&#8230; \u00bfQu\u00e9 sabemos realmente de ella? \u00bfQu\u00e9 tama\u00f1o tiene? \u00bfEs grande o peque\u00f1a? \u00bfDe qu\u00e9 color es y qu\u00e9 forma tiene? \u00bfC\u00f3mo la podemos reconocer?<\/p>\n<p style=\"text-align: left;\">Miremos donde miremos, no hay respuesta a estas preguntas, porque lo que llamamos \u201cmente\u201d, en realidad, no existe. No tiene estructura, ni sustancia, ni color ni forma.<\/p>\n<p style=\"text-align: left;\"><strong>La mente no es una conciencia individual<\/strong>, separada, en contacto con el mundo exterior. <strong>Es una conciencia moment\u00e1nea<\/strong>, fugaz, que se activa cuando un objeto exterior atrae a uno de nuestros sentidos. Esto crea un est\u00edmulo o una asociaci\u00f3n. El ojo percibe una forma y la conciencia visual le sigue. Escuchamos un sonido y el o\u00eddo se activa.<\/p>\n<p style=\"text-align: left;\">Confundimos esta continua interacci\u00f3n y actividad con la mente, pero en realidad es una corriente de estados mentales temporales que cambian de un instante a otro; una colecci\u00f3n sin fin de pensamientos.<\/p>\n<p style=\"text-align: left;\"><strong>Una mente pura, Despierta, no tiene l\u00edmites<\/strong>. Tiene el potencial de ser cualquier cosa, en cualquier lugar, en cualquier momento y nada puede pararla.<\/p>\n<p style=\"text-align: left;\">En resumen, somos esclavos de nuestra mente cuando nos pasamos el d\u00eda con pensamientos en bucle basados en el miedo; o es nuestra arma m\u00e1s poderosa si la utilizamos con estrategia para construir la vida que queremos.<\/p>\n<p style=\"text-align: left;\">Namast\u00e9.<\/p>\n<p style=\"text-align: left;\">En mis <a href=\"https:\/\/martayogaibiza.com\/index.php\/calendario\/\">clases y talleres de yoga en Ibiza<\/a> trabajamos tambi\u00e9n la mente, \u00a1s\u00edgueme en <a href=\"https:\/\/www.instagram.com\/martayogaibiza\/\">Instagram<\/a> para conocer todas las novedades!<\/p>\n","protected":false},"excerpt":{"rendered":"<p>Sin mente, para nosotros nada puede tener sentido. Nuestra mente no crea ni dirige todo en la existencia, pero solo a trav\u00e9s de ella podemos dar sentido al mundo, y es lo \u00fanico con lo que podemos trabajar. No hay nada m\u00e1s. Debemos adiestrar nuestra mente, porque es lo que nos hace sufrir. Desde el [&hellip;]<\/p>\n","protected":false},"author":1,"featured_media":6590,"comment_status":"closed","ping_status":"open","sticky":false,"template":"","format":"standard","meta":{"footnotes":""},"categories":[92],"tags":[],"class_list":["post-6587","post","type-post","status-publish","format-standard","has-post-thumbnail","hentry","category-yoga"],"yoast_head":"<!-- This site is optimized with the Yoast SEO plugin v25.5 - https:\/\/yoast.com\/wordpress\/plugins\/seo\/ -->\n<title>La mente es tu mejor aliada o tu peor enemiga<\/title>\n<meta name=\"description\" content=\"Sin mente, para nosotros nada puede tener sentido. Nuestra mente no crea ni dirige todo en la existencia, pero solo a trav\u00e9s de ella podemos dar sentido al mundo, y es lo \u00fanico con lo que podemos trabajar.\" \/>\n<meta name=\"robots\" content=\"index, follow, max-snippet:-1, max-image-preview:large, max-video-preview:-1\" \/>\n<link rel=\"canonical\" href=\"https:\/\/martayogaibiza.com\/index.php\/2023\/11\/07\/la-mente-tu-mejor-aliada-o-tu-peor-enemiga\/\" \/>\n<meta property=\"og:locale\" content=\"es_ES\" \/>\n<meta property=\"og:type\" content=\"article\" \/>\n<meta property=\"og:title\" content=\"La mente es tu mejor aliada o tu peor enemiga\" \/>\n<meta property=\"og:description\" content=\"Sin mente, para nosotros nada puede tener sentido. Nuestra mente no crea ni dirige todo en la existencia, pero solo a trav\u00e9s de ella podemos dar sentido al mundo, y es lo \u00fanico con lo que podemos trabajar.\" \/>\n<meta property=\"og:url\" content=\"https:\/\/martayogaibiza.com\/index.php\/2023\/11\/07\/la-mente-tu-mejor-aliada-o-tu-peor-enemiga\/\" \/>\n<meta property=\"og:site_name\" content=\"Marta Yoga Ibiza\" \/>\n<meta property=\"article:publisher\" content=\"https:\/\/www.facebook.com\/MartaYogaIbiza\/\" \/>\n<meta property=\"article:author\" content=\"https:\/\/www.facebook.com\/MartaYogaIbiza\/\" \/>\n<meta property=\"article:published_time\" content=\"2023-11-07T12:18:02+00:00\" \/>\n<meta property=\"article:modified_time\" content=\"2023-11-07T12:49:35+00:00\" \/>\n<meta property=\"og:image\" content=\"https:\/\/martayogaibiza.com\/wp-content\/uploads\/2023\/11\/Foto-blog-La-Mente.jpg\" \/>\n\t<meta property=\"og:image:width\" content=\"915\" \/>\n\t<meta property=\"og:image:height\" content=\"678\" \/>\n\t<meta property=\"og:image:type\" content=\"image\/jpeg\" \/>\n<meta name=\"author\" content=\"Marta Almagro\" \/>\n<meta name=\"twitter:card\" content=\"summary_large_image\" \/>\n<meta name=\"twitter:label1\" content=\"Escrito por\" \/>\n\t<meta name=\"twitter:data1\" content=\"Marta Almagro\" \/>\n\t<meta name=\"twitter:label2\" content=\"Tiempo de lectura\" \/>\n\t<meta name=\"twitter:data2\" content=\"3 minutos\" \/>\n<script type=\"application\/ld+json\" class=\"yoast-schema-graph\">{\"@context\":\"https:\/\/schema.org\",\"@graph\":[{\"@type\":\"Article\",\"@id\":\"https:\/\/martayogaibiza.com\/index.php\/2023\/11\/07\/la-mente-tu-mejor-aliada-o-tu-peor-enemiga\/#article\",\"isPartOf\":{\"@id\":\"https:\/\/martayogaibiza.com\/index.php\/2023\/11\/07\/la-mente-tu-mejor-aliada-o-tu-peor-enemiga\/\"},\"author\":{\"name\":\"Marta Almagro\",\"@id\":\"https:\/\/martayogaibiza.com\/#\/schema\/person\/92598a7f6f24a2bf61586cfdd3825a83\"},\"headline\":\"La mente es tu mejor aliada o tu peor enemiga\",\"datePublished\":\"2023-11-07T12:18:02+00:00\",\"dateModified\":\"2023-11-07T12:49:35+00:00\",\"mainEntityOfPage\":{\"@id\":\"https:\/\/martayogaibiza.com\/index.php\/2023\/11\/07\/la-mente-tu-mejor-aliada-o-tu-peor-enemiga\/\"},\"wordCount\":586,\"publisher\":{\"@id\":\"https:\/\/martayogaibiza.com\/#\/schema\/person\/92598a7f6f24a2bf61586cfdd3825a83\"},\"image\":{\"@id\":\"https:\/\/martayogaibiza.com\/index.php\/2023\/11\/07\/la-mente-tu-mejor-aliada-o-tu-peor-enemiga\/#primaryimage\"},\"thumbnailUrl\":\"https:\/\/martayogaibiza.com\/wp-content\/uploads\/2023\/11\/Foto-blog-La-Mente.jpg\",\"articleSection\":[\"Yoga\"],\"inLanguage\":\"es\"},{\"@type\":\"WebPage\",\"@id\":\"https:\/\/martayogaibiza.com\/index.php\/2023\/11\/07\/la-mente-tu-mejor-aliada-o-tu-peor-enemiga\/\",\"url\":\"https:\/\/martayogaibiza.com\/index.php\/2023\/11\/07\/la-mente-tu-mejor-aliada-o-tu-peor-enemiga\/\",\"name\":\"La mente es tu mejor aliada o tu peor enemiga\",\"isPartOf\":{\"@id\":\"https:\/\/martayogaibiza.com\/#website\"},\"primaryImageOfPage\":{\"@id\":\"https:\/\/martayogaibiza.com\/index.php\/2023\/11\/07\/la-mente-tu-mejor-aliada-o-tu-peor-enemiga\/#primaryimage\"},\"image\":{\"@id\":\"https:\/\/martayogaibiza.com\/index.php\/2023\/11\/07\/la-mente-tu-mejor-aliada-o-tu-peor-enemiga\/#primaryimage\"},\"thumbnailUrl\":\"https:\/\/martayogaibiza.com\/wp-content\/uploads\/2023\/11\/Foto-blog-La-Mente.jpg\",\"datePublished\":\"2023-11-07T12:18:02+00:00\",\"dateModified\":\"2023-11-07T12:49:35+00:00\",\"description\":\"Sin mente, para nosotros nada puede tener sentido. Nuestra mente no crea ni dirige todo en la existencia, pero solo a trav\u00e9s de ella podemos dar sentido al mundo, y es lo \u00fanico con lo que podemos trabajar.\",\"breadcrumb\":{\"@id\":\"https:\/\/martayogaibiza.com\/index.php\/2023\/11\/07\/la-mente-tu-mejor-aliada-o-tu-peor-enemiga\/#breadcrumb\"},\"inLanguage\":\"es\",\"potentialAction\":[{\"@type\":\"ReadAction\",\"target\":[\"https:\/\/martayogaibiza.com\/index.php\/2023\/11\/07\/la-mente-tu-mejor-aliada-o-tu-peor-enemiga\/\"]}]},{\"@type\":\"ImageObject\",\"inLanguage\":\"es\",\"@id\":\"https:\/\/martayogaibiza.com\/index.php\/2023\/11\/07\/la-mente-tu-mejor-aliada-o-tu-peor-enemiga\/#primaryimage\",\"url\":\"https:\/\/martayogaibiza.com\/wp-content\/uploads\/2023\/11\/Foto-blog-La-Mente.jpg\",\"contentUrl\":\"https:\/\/martayogaibiza.com\/wp-content\/uploads\/2023\/11\/Foto-blog-La-Mente.jpg\",\"width\":915,\"height\":678},{\"@type\":\"BreadcrumbList\",\"@id\":\"https:\/\/martayogaibiza.com\/index.php\/2023\/11\/07\/la-mente-tu-mejor-aliada-o-tu-peor-enemiga\/#breadcrumb\",\"itemListElement\":[{\"@type\":\"ListItem\",\"position\":1,\"name\":\"Portada\",\"item\":\"https:\/\/martayogaibiza.com\/\"},{\"@type\":\"ListItem\",\"position\":2,\"name\":\"La mente es tu mejor aliada o tu peor enemiga\"}]},{\"@type\":\"WebSite\",\"@id\":\"https:\/\/martayogaibiza.com\/#website\",\"url\":\"https:\/\/martayogaibiza.com\/\",\"name\":\"Marta Yoga Ibiza\",\"description\":\"Yoga en Ibiza\",\"publisher\":{\"@id\":\"https:\/\/martayogaibiza.com\/#\/schema\/person\/92598a7f6f24a2bf61586cfdd3825a83\"},\"potentialAction\":[{\"@type\":\"SearchAction\",\"target\":{\"@type\":\"EntryPoint\",\"urlTemplate\":\"https:\/\/martayogaibiza.com\/?s={search_term_string}\"},\"query-input\":{\"@type\":\"PropertyValueSpecification\",\"valueRequired\":true,\"valueName\":\"search_term_string\"}}],\"inLanguage\":\"es\"},{\"@type\":[\"Person\",\"Organization\"],\"@id\":\"https:\/\/martayogaibiza.com\/#\/schema\/person\/92598a7f6f24a2bf61586cfdd3825a83\",\"name\":\"Marta Almagro\",\"image\":{\"@type\":\"ImageObject\",\"inLanguage\":\"es\",\"@id\":\"https:\/\/martayogaibiza.com\/#\/schema\/person\/image\/\",\"url\":\"https:\/\/martayogaibiza.com\/wp-content\/uploads\/2023\/01\/sin-fondo.png\",\"contentUrl\":\"https:\/\/martayogaibiza.com\/wp-content\/uploads\/2023\/01\/sin-fondo.png\",\"width\":489,\"height\":303,\"caption\":\"Marta Almagro\"},\"logo\":{\"@id\":\"https:\/\/martayogaibiza.com\/#\/schema\/person\/image\/\"},\"sameAs\":[\"http:\/\/martayogaibiza.com\",\"https:\/\/www.facebook.com\/MartaYogaIbiza\/\",\"https:\/\/www.instagram.com\/martayogaibiza\/\"],\"url\":\"https:\/\/martayogaibiza.com\/index.php\/author\/admin\/\"}]}<\/script>\n<!-- \/ Yoast SEO plugin. -->","yoast_head_json":{"title":"La mente es tu mejor aliada o tu peor enemiga","description":"Sin mente, para nosotros nada puede tener sentido. Nuestra mente no crea ni dirige todo en la existencia, pero solo a trav\u00e9s de ella podemos dar sentido al mundo, y es lo \u00fanico con lo que podemos trabajar.","robots":{"index":"index","follow":"follow","max-snippet":"max-snippet:-1","max-image-preview":"max-image-preview:large","max-video-preview":"max-video-preview:-1"},"canonical":"https:\/\/martayogaibiza.com\/index.php\/2023\/11\/07\/la-mente-tu-mejor-aliada-o-tu-peor-enemiga\/","og_locale":"es_ES","og_type":"article","og_title":"La mente es tu mejor aliada o tu peor enemiga","og_description":"Sin mente, para nosotros nada puede tener sentido. Nuestra mente no crea ni dirige todo en la existencia, pero solo a trav\u00e9s de ella podemos dar sentido al mundo, y es lo \u00fanico con lo que podemos trabajar.","og_url":"https:\/\/martayogaibiza.com\/index.php\/2023\/11\/07\/la-mente-tu-mejor-aliada-o-tu-peor-enemiga\/","og_site_name":"Marta Yoga Ibiza","article_publisher":"https:\/\/www.facebook.com\/MartaYogaIbiza\/","article_author":"https:\/\/www.facebook.com\/MartaYogaIbiza\/","article_published_time":"2023-11-07T12:18:02+00:00","article_modified_time":"2023-11-07T12:49:35+00:00","og_image":[{"width":915,"height":678,"url":"https:\/\/martayogaibiza.com\/wp-content\/uploads\/2023\/11\/Foto-blog-La-Mente.jpg","type":"image\/jpeg"}],"author":"Marta Almagro","twitter_card":"summary_large_image","twitter_misc":{"Escrito por":"Marta Almagro","Tiempo de lectura":"3 minutos"},"schema":{"@context":"https:\/\/schema.org","@graph":[{"@type":"Article","@id":"https:\/\/martayogaibiza.com\/index.php\/2023\/11\/07\/la-mente-tu-mejor-aliada-o-tu-peor-enemiga\/#article","isPartOf":{"@id":"https:\/\/martayogaibiza.com\/index.php\/2023\/11\/07\/la-mente-tu-mejor-aliada-o-tu-peor-enemiga\/"},"author":{"name":"Marta Almagro","@id":"https:\/\/martayogaibiza.com\/#\/schema\/person\/92598a7f6f24a2bf61586cfdd3825a83"},"headline":"La mente es tu mejor aliada o tu peor enemiga","datePublished":"2023-11-07T12:18:02+00:00","dateModified":"2023-11-07T12:49:35+00:00","mainEntityOfPage":{"@id":"https:\/\/martayogaibiza.com\/index.php\/2023\/11\/07\/la-mente-tu-mejor-aliada-o-tu-peor-enemiga\/"},"wordCount":586,"publisher":{"@id":"https:\/\/martayogaibiza.com\/#\/schema\/person\/92598a7f6f24a2bf61586cfdd3825a83"},"image":{"@id":"https:\/\/martayogaibiza.com\/index.php\/2023\/11\/07\/la-mente-tu-mejor-aliada-o-tu-peor-enemiga\/#primaryimage"},"thumbnailUrl":"https:\/\/martayogaibiza.com\/wp-content\/uploads\/2023\/11\/Foto-blog-La-Mente.jpg","articleSection":["Yoga"],"inLanguage":"es"},{"@type":"WebPage","@id":"https:\/\/martayogaibiza.com\/index.php\/2023\/11\/07\/la-mente-tu-mejor-aliada-o-tu-peor-enemiga\/","url":"https:\/\/martayogaibiza.com\/index.php\/2023\/11\/07\/la-mente-tu-mejor-aliada-o-tu-peor-enemiga\/","name":"La mente es tu mejor aliada o tu peor enemiga","isPartOf":{"@id":"https:\/\/martayogaibiza.com\/#website"},"primaryImageOfPage":{"@id":"https:\/\/martayogaibiza.com\/index.php\/2023\/11\/07\/la-mente-tu-mejor-aliada-o-tu-peor-enemiga\/#primaryimage"},"image":{"@id":"https:\/\/martayogaibiza.com\/index.php\/2023\/11\/07\/la-mente-tu-mejor-aliada-o-tu-peor-enemiga\/#primaryimage"},"thumbnailUrl":"https:\/\/martayogaibiza.com\/wp-content\/uploads\/2023\/11\/Foto-blog-La-Mente.jpg","datePublished":"2023-11-07T12:18:02+00:00","dateModified":"2023-11-07T12:49:35+00:00","description":"Sin mente, para nosotros nada puede tener sentido. Nuestra mente no crea ni dirige todo en la existencia, pero solo a trav\u00e9s de ella podemos dar sentido al mundo, y es lo \u00fanico con lo que podemos trabajar.","breadcrumb":{"@id":"https:\/\/martayogaibiza.com\/index.php\/2023\/11\/07\/la-mente-tu-mejor-aliada-o-tu-peor-enemiga\/#breadcrumb"},"inLanguage":"es","potentialAction":[{"@type":"ReadAction","target":["https:\/\/martayogaibiza.com\/index.php\/2023\/11\/07\/la-mente-tu-mejor-aliada-o-tu-peor-enemiga\/"]}]},{"@type":"ImageObject","inLanguage":"es","@id":"https:\/\/martayogaibiza.com\/index.php\/2023\/11\/07\/la-mente-tu-mejor-aliada-o-tu-peor-enemiga\/#primaryimage","url":"https:\/\/martayogaibiza.com\/wp-content\/uploads\/2023\/11\/Foto-blog-La-Mente.jpg","contentUrl":"https:\/\/martayogaibiza.com\/wp-content\/uploads\/2023\/11\/Foto-blog-La-Mente.jpg","width":915,"height":678},{"@type":"BreadcrumbList","@id":"https:\/\/martayogaibiza.com\/index.php\/2023\/11\/07\/la-mente-tu-mejor-aliada-o-tu-peor-enemiga\/#breadcrumb","itemListElement":[{"@type":"ListItem","position":1,"name":"Portada","item":"https:\/\/martayogaibiza.com\/"},{"@type":"ListItem","position":2,"name":"La mente es tu mejor aliada o tu peor enemiga"}]},{"@type":"WebSite","@id":"https:\/\/martayogaibiza.com\/#website","url":"https:\/\/martayogaibiza.com\/","name":"Marta Yoga Ibiza","description":"Yoga en Ibiza","publisher":{"@id":"https:\/\/martayogaibiza.com\/#\/schema\/person\/92598a7f6f24a2bf61586cfdd3825a83"},"potentialAction":[{"@type":"SearchAction","target":{"@type":"EntryPoint","urlTemplate":"https:\/\/martayogaibiza.com\/?s={search_term_string}"},"query-input":{"@type":"PropertyValueSpecification","valueRequired":true,"valueName":"search_term_string"}}],"inLanguage":"es"},{"@type":["Person","Organization"],"@id":"https:\/\/martayogaibiza.com\/#\/schema\/person\/92598a7f6f24a2bf61586cfdd3825a83","name":"Marta Almagro","image":{"@type":"ImageObject","inLanguage":"es","@id":"https:\/\/martayogaibiza.com\/#\/schema\/person\/image\/","url":"https:\/\/martayogaibiza.com\/wp-content\/uploads\/2023\/01\/sin-fondo.png","contentUrl":"https:\/\/martayogaibiza.com\/wp-content\/uploads\/2023\/01\/sin-fondo.png","width":489,"height":303,"caption":"Marta Almagro"},"logo":{"@id":"https:\/\/martayogaibiza.com\/#\/schema\/person\/image\/"},"sameAs":["http:\/\/martayogaibiza.com","https:\/\/www.facebook.com\/MartaYogaIbiza\/","https:\/\/www.instagram.com\/martayogaibiza\/"],"url":"https:\/\/martayogaibiza.com\/index.php\/author\/admin\/"}]}},"_links":{"self":[{"href":"https:\/\/martayogaibiza.com\/index.php\/wp-json\/wp\/v2\/posts\/6587","targetHints":{"allow":["GET"]}}],"collection":[{"href":"https:\/\/martayogaibiza.com\/index.php\/wp-json\/wp\/v2\/posts"}],"about":[{"href":"https:\/\/martayogaibiza.com\/index.php\/wp-json\/wp\/v2\/types\/post"}],"author":[{"embeddable":true,"href":"https:\/\/martayogaibiza.com\/index.php\/wp-json\/wp\/v2\/users\/1"}],"replies":[{"embeddable":true,"href":"https:\/\/martayogaibiza.com\/index.php\/wp-json\/wp\/v2\/comments?post=6587"}],"version-history":[{"count":2,"href":"https:\/\/martayogaibiza.com\/index.php\/wp-json\/wp\/v2\/posts\/6587\/revisions"}],"predecessor-version":[{"id":6589,"href":"https:\/\/martayogaibiza.com\/index.php\/wp-json\/wp\/v2\/posts\/6587\/revisions\/6589"}],"wp:featuredmedia":[{"embeddable":true,"href":"https:\/\/martayogaibiza.com\/index.php\/wp-json\/wp\/v2\/media\/6590"}],"wp:attachment":[{"href":"https:\/\/martayogaibiza.com\/index.php\/wp-json\/wp\/v2\/media?parent=6587"}],"wp:term":[{"taxonomy":"category","embeddable":true,"href":"https:\/\/martayogaibiza.com\/index.php\/wp-json\/wp\/v2\/categories?post=6587"},{"taxonomy":"post_tag","embeddable":true,"href":"https:\/\/martayogaibiza.com\/index.php\/wp-json\/wp\/v2\/tags?post=6587"}],"curies":[{"name":"wp","href":"https:\/\/api.w.org\/{rel}","templated":true}]}}